{"id":818,"date":"2017-07-15T15:05:52","date_gmt":"2017-07-15T20:05:52","guid":{"rendered":"http:\/\/proalnet.com\/?p=468"},"modified":"2017-07-15T15:05:52","modified_gmt":"2017-07-15T20:05:52","slug":"46-reporte-de-la-manufactura-colombiana-julio-2017-2da-entrega","status":"publish","type":"post","link":"https:\/\/controldepiso.com\/en\/46-reporte-de-la-manufactura-colombiana-julio-2017-2da-entrega\/","title":{"rendered":"Reporte de la manufactura Colombiana, Julio 2017 2da Entrega"},"content":{"rendered":"<p><strong>Adquisiciones multimillonarias, ejemplo de liderazgo y una proyecci\u00f3n de la industria nacional, en esta entrega de las noticias m\u00e1s importantes en la manufactura colombiana.<\/strong><\/p>\n<p><strong>Unilever compra 5 marcas de QUALA para aumentar su exportaci\u00f3n<\/strong><\/p>\n<p>Aromatel, Savital, Ego, Fortident y BioExpert son las 5 marcas de aseo que UNILEVER adquirir\u00e1 para comienzos del 2018 y con las cuales espera aumentar su exportaci\u00f3n entre el 5% y el 10%, ya que, en palabras de Ignacio Hojas (presidente de UNILEVER MIDDLE AMERICAS) el sector \u201cAseo\u201d es el de mayor crecimiento a nivel mundial.<\/p>\n<p>La siguiente es una entrevista realizada para \u201cLa Rep\u00fablica\u201d donde adem\u00e1s de la compra, tocan temas de sostenibilidad y responsabilidad social.<\/p>\n<p><a href=\"https:\/\/www.larepublica.co\/empresas\/unilever-exportaria-15-de-su-produccion-local-tras-adquirir-cinco-marcas-de-quala-2525045\">https:\/\/www.larepublica.co\/empresas\/unilever-exportaria-15-de-su-produccion-local-tras-adquirir-cinco-marcas-de-quala-2525045<\/a><\/p>\n<p><strong>Presidente de CEMEX: \u201cEmpec\u00e9 desde abajo y la compa\u00f1\u00eda me ha dado posibilidades de seguir creciendo\u201d<\/strong><\/p>\n<p>Estas son palabras sobre el liderazgo que el presidente de CEMEX, Ricardo Naya, revela en un video para la revista Dinero. En ella habla sobre sus 20 a\u00f1os dentro de la compa\u00f1\u00eda y los retos que ha enfrentado liderando 3000 colaboradores y atendiendo m\u00e1s de 1500 clientes diarios. \u201cUn l\u00edder tiene que saber volar en las nubes (en la parte estrat\u00e9gica), pero tambi\u00e9n, tener las botas puestas, con polvo, con lodo, para asegurar ser ejemplo\u201d.<\/p>\n<p><a href=\"http:\/\/www.dinero.com\/empresas\/multimedia\/video-entrevista-presidente-de-cemex-colombia-ricardo-naya\/247480\">http:\/\/www.dinero.com\/empresas\/multimedia\/video-entrevista-presidente-de-cemex-colombia-ricardo-naya\/247480<\/a><\/p>\n<p><strong>AMCOR RIGID PLASTICS adquiere PL\u00c1STICOS TEAM de la compa\u00f1\u00eda TEAM FOODS COLOMBIA<\/strong><\/p>\n<p>\u201cEl mercado latinoamericano contin\u00faa siendo un \u00e1rea importante de crecimiento para nosotros\u201d Con estas palabras, Mike Schmitt (presidente de AMCOR RIGID PLASTICS) anuncia un incremento en su capacidad de abastecimiento para todo el continente, que sumar\u00e1 una planta de Guachene a las 3 instalaciones de r\u00edgidos y 1 de flexibles que ten\u00eda previamente en nuestro pa\u00eds.<\/p>\n<p><a href=\"http:\/\/www.packagingstrategies.com\/articles\/89658-amcor-rigid-plastics-expands-specialty-container-business-in-latin-america\">http:\/\/www.packagingstrategies.com\/articles\/89658-amcor-rigid-plastics-expands-specialty-container-business-in-latin-america<\/a><\/p>\n<p><strong>Analistas predicen un repunte en el segundo semestre en el sector industrial<\/strong><\/p>\n<p>Refinaci\u00f3n del Petroleo, mezcla de Combustibles, elaboraci\u00f3n de Aceites y Grasas (animal y vegetal) y fabricaci\u00f3n de Papel y Cart\u00f3n son los sectores que han aportado al crecimiento en el mercado, tras la desaceleraci\u00f3n de la producci\u00f3n industrial del 1,3% entre enero y mayo de este a\u00f1o, seg\u00fan reportes del DANE.<\/p>\n<p>Tendencias crecientes en el consumo a nivel de hogar, hacen que varios analistas predigan un aumento durante el segundo semestre del 2017 \u201cVemos un consumo al alza despu\u00e9s de trece meses. Hay unas categor\u00edas que presentan mayor crecimiento y otras no tanto. Cali y Medell\u00edn vienen al alza\u201d.<\/p>\n<p><a href=\"http:\/\/www.elpais.com.co\/economia\/comercio-e-industria-podrian-recuperarse-en-segundo-semestre-del-ano.html\">http:\/\/www.elpais.com.co\/economia\/comercio-e-industria-podrian-recuperarse-en-segundo-semestre-del-ano.html<\/a><br \/>\n<a href=\"http:\/\/proalnet.com\/como-funciona\/\"><strong><img decoding=\"async\" class=\"aligncenter\" style=\"width: 568px; height: 211px;\" src=\"https:\/\/controldepiso.com\/wp-content\/uploads\/2024\/11\/aboutUs.png\" alt=\"\" \/><\/strong><\/a><\/p>\n<p style=\"text-align: center;\"><strong><span style=\"color: #daa520;\"><span style=\"font-size: 20px;\">If you want to receive articles like this by email, sign up!\u00a0 <a href=\"https:\/\/proalnet.com\/inscripcion-blog\/\" target=\"_blank\" rel=\"noopener\">Click Here.<\/a> <\/span><\/span><\/strong><\/p>\n<p style=\"text-align: center;\"><span style=\"color: #daa520;\"><strong><span style=\"font-size: 20px;\">We invite you to watch the video on how our GESPLINE platform works:\u00a0 <a href=\"http:\/\/proalnet.com\/como-funciona\/\" target=\"_blank\" rel=\"noopener\">Click Here!<\/a><\/span><\/strong><\/span><\/p>\n<p>&nbsp;<\/p>","protected":false},"excerpt":{"rendered":"<p>Adquisiciones multimillonarias, ejemplo de liderazgo y una proyecci\u00f3n de la industria nacional, en esta entrega de las noticias m\u00e1s importantes en la manufactura colombiana. Unilever compra 5 marcas de QUALA para aumentar su exportaci\u00f3n Aromatel, Savital, Ego, Fortident y BioExpert son las 5 marcas de aseo que UNILEVER adquirir\u00e1 para comienzos del 2018 y con [&hellip;]<\/p>","protected":false},"author":1,"featured_media":1338,"comment_status":"open","ping_status":"open","sticky":false,"template":"","format":"standard","meta":{"footnotes":""},"categories":[11],"tags":[20],"_links":{"self":[{"href":"https:\/\/controldepiso.com\/en\/wp-json\/wp\/v2\/posts\/818"}],"collection":[{"href":"https:\/\/controldepiso.com\/en\/wp-json\/wp\/v2\/posts"}],"about":[{"href":"https:\/\/controldepiso.com\/en\/wp-json\/wp\/v2\/types\/post"}],"author":[{"embeddable":true,"href":"https:\/\/controldepiso.com\/en\/wp-json\/wp\/v2\/users\/1"}],"replies":[{"embeddable":true,"href":"https:\/\/controldepiso.com\/en\/wp-json\/wp\/v2\/comments?post=818"}],"version-history":[{"count":0,"href":"https:\/\/controldepiso.com\/en\/wp-json\/wp\/v2\/posts\/818\/revisions"}],"wp:featuredmedia":[{"embeddable":true,"href":"https:\/\/controldepiso.com\/en\/wp-json\/wp\/v2\/media\/1338"}],"wp:attachment":[{"href":"https:\/\/controldepiso.com\/en\/wp-json\/wp\/v2\/media?parent=818"}],"wp:term":[{"taxonomy":"category","embeddable":true,"href":"https:\/\/controldepiso.com\/en\/wp-json\/wp\/v2\/categories?post=818"},{"taxonomy":"post_tag","embeddable":true,"href":"https:\/\/controldepiso.com\/en\/wp-json\/wp\/v2\/tags?post=818"}],"curies":[{"name":"wp","href":"https:\/\/api.w.org\/{rel}","templated":true}]}}