{"id":819,"date":"2017-08-01T15:15:55","date_gmt":"2017-08-01T20:15:55","guid":{"rendered":"http:\/\/proalnet.com\/?p=472"},"modified":"2017-08-01T15:15:55","modified_gmt":"2017-08-01T20:15:55","slug":"48-reporte-de-la-manufactura-colombiana-agosto-2017","status":"publish","type":"post","link":"https:\/\/controldepiso.com\/en\/48-reporte-de-la-manufactura-colombiana-agosto-2017\/","title":{"rendered":"Reporte de la manufactura Colombiana, Agosto 2017"},"content":{"rendered":"<p>Conozca qu\u00e9 empresas que atraen el talento del pa\u00eds, los pron\u00f3sticos de crecimiento industrial el segundo semestre de este a\u00f1o y las exportaciones e inversiones que lideran el mercado colombiano.<\/p>\n<p><strong>ALPINA invertir\u00e1 $105.000 Millones para actualizaci\u00f3n y adquisici\u00f3n de equipos.<\/strong><\/p>\n<p>En una apuesta a mediano y largo plazo, ALPINA aument\u00f3 en casi $30.000 Millones su inversi\u00f3n con respecto al 2016, que ser\u00e1 enfocada en sus plantas en Sop\u00f3, Entrerr\u00edos y Chinchin\u00e1, buscando aumentar su capacidad productiva de leches, quesos y compotas. El presidente de la compa\u00f1\u00eda, Ernesto Fajardo, asegura en una entrevista con Portafolio que ver\u00e1n un crecimiento significativo en ventas.<\/p>\n<p><a href=\"http:\/\/www.portafolio.co\/negocios\/empresas\/alpina-le-apuesta-al-largo-plazo-con-inversiones-en-plantas-508252\">http:\/\/www.portafolio.co\/negocios\/empresas\/alpina-le-apuesta-al-largo-plazo-con-inversiones-en-plantas-508252<\/a><\/p>\n<p><strong>MANUFACTURAS ELIOT lidera las exportaciones textiles del pa\u00eds<\/strong><\/p>\n<p>A pesar del golpe recibido por el mercado textil durante el 2016, una empresa colombiana con m\u00e1s de 70 a\u00f1os de historia trae esperanza al sector, al cerrar el a\u00f1o con ventas superiores a los $540.000.000.000, del cual el 20% corresponde a exportaci\u00f3n.<\/p>\n<p><a href=\"http:\/\/co.fashionnetwork.com\/news\/Manufacturas-Eliot-lidera-las-exportaciones-textiles-de-Colombia,852871.html#.WXujq4g1_tR\">http:\/\/co.fashionnetwork.com\/news\/Manufacturas-Eliot-lidera-las-exportaciones-textiles-de-Colombia,852871.html#.WXujq4g1_tR<\/a><\/p>\n<p><strong>\u201cIndustria del Valle crecer\u00eda entre 1% y 2%\u201d dice el gerente seccional de la ANDI<\/strong><\/p>\n<p>El primer semestre del a\u00f1o tuvo tres golpes fuertes que impactaron el rendimiento de la industria: 1. El aumento de 3 puntos en el IVA, que disminuy\u00f3 el consumo de productos masivos, 2. El invierno, que gener\u00f3 dificultades en la producci\u00f3n agroindustrial y 3. El paro c\u00edvico en Buenaventura, que afect\u00f3 el flujo de entradas y salidas de mercanc\u00edas en la regi\u00f3n del Valle. Sin embargo, el gerente de la ANDI predice un repunte para los siguientes meses del a\u00f1o en la siguiente entrevista concedida a Alfredo Garc\u00eda, de El Pa\u00eds.<\/p>\n<p><a href=\"http:\/\/www.elpais.com.co\/economia\/industria-del-valle-creceria-entre-1-y-2-gerente-seccional-de-la-andi.html\">http:\/\/www.elpais.com.co\/economia\/industria-del-valle-creceria-entre-1-y-2-gerente-seccional-de-la-andi.html<\/a><\/p>\n<p><strong>NUTRESA, ALPINA, BAVARIA y NESTL\u00c9 entre las empresas que atraen al talento en el pa\u00eds<\/strong><\/p>\n<p>Un estudio de la firma especializada Merco, realizado con 30.000 encuestas de 8 fuentes de informaci\u00f3n diferentes, revel\u00f3 el ranking de las empresas m\u00e1s atractivas para los mejores profesionales del pa\u00eds, bas\u00e1ndose en tres valores fundamentales: Calidad laboral, Marca del empleador y Reputaci\u00f3n interna. Siga el siguiente enlace para conocer a fondo los par\u00e1metros de la clasificaci\u00f3n y el ranking completo.<\/p>\n<p><a href=\"http:\/\/www.elespectador.com\/economia\/las-empresas-con-mas-talento-de-colombia-en-2017-articulo-699497\">http:\/\/www.elespectador.com\/economia\/las-empresas-con-mas-talento-de-colombia-en-2017-articulo-699497<\/a><br \/>\n<a href=\"http:\/\/proalnet.com\/como-funciona\/\"><strong><img decoding=\"async\" class=\"aligncenter\" style=\"width: 568px; height: 211px;\" src=\"https:\/\/controldepiso.com\/wp-content\/uploads\/2024\/11\/aboutUs.png\" alt=\"\" \/><\/strong><\/a><\/p>\n<p style=\"text-align: center;\"><strong><span style=\"color: #daa520;\"><span style=\"font-size: 20px;\">If you want to receive articles like this by email, sign up!\u00a0 <a href=\"https:\/\/proalnet.com\/inscripcion-blog\/\" target=\"_blank\" rel=\"noopener\">Click Here.<\/a> <\/span><\/span><\/strong><\/p>\n<p style=\"text-align: center;\"><span style=\"color: #daa520;\"><strong><span style=\"font-size: 20px;\">We invite you to watch the video on how our GESPLINE platform works:\u00a0 <a href=\"http:\/\/proalnet.com\/como-funciona\/\" target=\"_blank\" rel=\"noopener\">Click Here!<\/a><\/span><\/strong><\/span><\/p>\n<p>&nbsp;<\/p>","protected":false},"excerpt":{"rendered":"<p>Conozca qu\u00e9 empresas que atraen el talento del pa\u00eds, los pron\u00f3sticos de crecimiento industrial el segundo semestre de este a\u00f1o y las exportaciones e inversiones que lideran el mercado colombiano. ALPINA invertir\u00e1 $105.000 Millones para actualizaci\u00f3n y adquisici\u00f3n de equipos. En una apuesta a mediano y largo plazo, ALPINA aument\u00f3 en casi $30.000 Millones su [&hellip;]<\/p>","protected":false},"author":1,"featured_media":1339,"comment_status":"open","ping_status":"open","sticky":false,"template":"","format":"standard","meta":{"footnotes":""},"categories":[11],"tags":[21],"_links":{"self":[{"href":"https:\/\/controldepiso.com\/en\/wp-json\/wp\/v2\/posts\/819"}],"collection":[{"href":"https:\/\/controldepiso.com\/en\/wp-json\/wp\/v2\/posts"}],"about":[{"href":"https:\/\/controldepiso.com\/en\/wp-json\/wp\/v2\/types\/post"}],"author":[{"embeddable":true,"href":"https:\/\/controldepiso.com\/en\/wp-json\/wp\/v2\/users\/1"}],"replies":[{"embeddable":true,"href":"https:\/\/controldepiso.com\/en\/wp-json\/wp\/v2\/comments?post=819"}],"version-history":[{"count":0,"href":"https:\/\/controldepiso.com\/en\/wp-json\/wp\/v2\/posts\/819\/revisions"}],"wp:featuredmedia":[{"embeddable":true,"href":"https:\/\/controldepiso.com\/en\/wp-json\/wp\/v2\/media\/1339"}],"wp:attachment":[{"href":"https:\/\/controldepiso.com\/en\/wp-json\/wp\/v2\/media?parent=819"}],"wp:term":[{"taxonomy":"category","embeddable":true,"href":"https:\/\/controldepiso.com\/en\/wp-json\/wp\/v2\/categories?post=819"},{"taxonomy":"post_tag","embeddable":true,"href":"https:\/\/controldepiso.com\/en\/wp-json\/wp\/v2\/tags?post=819"}],"curies":[{"name":"wp","href":"https:\/\/api.w.org\/{rel}","templated":true}]}}