{"id":821,"date":"2017-09-20T15:33:56","date_gmt":"2017-09-20T20:33:56","guid":{"rendered":"http:\/\/proalnet.com\/?p=485"},"modified":"2017-09-20T15:33:56","modified_gmt":"2017-09-20T20:33:56","slug":"50-proalnet-en-colombia-4-0","status":"publish","type":"post","link":"https:\/\/controldepiso.com\/en\/50-proalnet-en-colombia-4-0\/","title":{"rendered":"Proalnet in Colombia 4.0"},"content":{"rendered":"<p>Invited by Apps.co and the Cali Chamber of Commerce, Proalnet participated in \"Colombia 4.0,\" the country's most important technological innovation expo.<\/p>\n<p>For three days, we represented the Automation and Software sector in industrial environments, showcasing our Gespline software as a key solution for implementing Industry 4.0 in Colombia.<\/p>\n<table>\n<tbody>\n<tr>\n<td><img decoding=\"async\" src=\"http:\/\/proalnet.com\/wp-content\/uploads\/2018\/05\/art50_2.jpg\" alt=\"Proalnet en colombia 4.0\" \/><\/td>\n<td><img decoding=\"async\" src=\"http:\/\/proalnet.com\/wp-content\/uploads\/2018\/05\/art50_3.jpg\" alt=\"Proalnet en colombia 4.0\" \/><\/td>\n<\/tr>\n<\/tbody>\n<\/table>\n<p>We shared the stage with companies specializing in artificial intelligence, digital automation, and mobile development. We were also honored by a visit from the Minister of Information and Communications Technology (MinTIC), David Luna, with whom we discussed the Fourth Industrial Revolution and how we will prepare companies to face and harness its potential.<\/p>\n<p><img decoding=\"async\" src=\"http:\/\/proalnet.com\/wp-content\/uploads\/2018\/05\/art50_4.jpg\" alt=\"Proalnet en colombia 4.0\" \/><br \/>\n<a href=\"http:\/\/proalnet.com\/como-funciona\/\"><strong><img decoding=\"async\" class=\"aligncenter\" style=\"width: 568px; height: 211px;\" src=\"https:\/\/controldepiso.com\/wp-content\/uploads\/2024\/11\/aboutUs.png\" alt=\"\" \/><\/strong><\/a><\/p>\n<p style=\"text-align: center;\"><strong><span style=\"color: #daa520;\"><span style=\"font-size: 20px;\">If you want to receive articles like this by email, sign up!\u00a0 <a href=\"https:\/\/proalnet.com\/inscripcion-blog\/\" target=\"_blank\" rel=\"noopener\">Click Here.<\/a> <\/span><\/span><\/strong><\/p>\n<p style=\"text-align: center;\"><span style=\"color: #daa520;\"><strong><span style=\"font-size: 20px;\">We invite you to watch the video on how our GESPLINE platform works:\u00a0 <a href=\"http:\/\/proalnet.com\/como-funciona\/\" target=\"_blank\" rel=\"noopener\">Click Here!<\/a><\/span><\/strong><\/span><\/p>\n<p>&nbsp;<\/p>","protected":false},"excerpt":{"rendered":"<p>Invitados por Apps.co y la C\u00e1mara de Comercio de Cali, Proalnet particip\u00f3 en \u201cColombia 4.0\u201d, la exposici\u00f3n de innovaci\u00f3n tecnol\u00f3gica m\u00e1s importante del pa\u00eds. Durante 3 d\u00edas representamos el \u00e1rea de Automatizaci\u00f3n y Software en ambientes industriales, exponiendo nuestro software Gespline como clave para la implementaci\u00f3n de la industria 4.0 en Colombia. Compartimos espacio con [&hellip;]<\/p>","protected":false},"author":1,"featured_media":1341,"comment_status":"open","ping_status":"open","sticky":false,"template":"","format":"standard","meta":{"footnotes":""},"categories":[11],"tags":[23],"_links":{"self":[{"href":"https:\/\/controldepiso.com\/en\/wp-json\/wp\/v2\/posts\/821"}],"collection":[{"href":"https:\/\/controldepiso.com\/en\/wp-json\/wp\/v2\/posts"}],"about":[{"href":"https:\/\/controldepiso.com\/en\/wp-json\/wp\/v2\/types\/post"}],"author":[{"embeddable":true,"href":"https:\/\/controldepiso.com\/en\/wp-json\/wp\/v2\/users\/1"}],"replies":[{"embeddable":true,"href":"https:\/\/controldepiso.com\/en\/wp-json\/wp\/v2\/comments?post=821"}],"version-history":[{"count":0,"href":"https:\/\/controldepiso.com\/en\/wp-json\/wp\/v2\/posts\/821\/revisions"}],"wp:featuredmedia":[{"embeddable":true,"href":"https:\/\/controldepiso.com\/en\/wp-json\/wp\/v2\/media\/1341"}],"wp:attachment":[{"href":"https:\/\/controldepiso.com\/en\/wp-json\/wp\/v2\/media?parent=821"}],"wp:term":[{"taxonomy":"category","embeddable":true,"href":"https:\/\/controldepiso.com\/en\/wp-json\/wp\/v2\/categories?post=821"},{"taxonomy":"post_tag","embeddable":true,"href":"https:\/\/controldepiso.com\/en\/wp-json\/wp\/v2\/tags?post=821"}],"curies":[{"name":"wp","href":"https:\/\/api.w.org\/{rel}","templated":true}]}}