{"id":835,"date":"2018-05-01T08:51:38","date_gmt":"2018-05-01T13:51:38","guid":{"rendered":"http:\/\/proalnet.com\/?p=389"},"modified":"2018-05-01T08:51:38","modified_gmt":"2018-05-01T13:51:38","slug":"62-reporte-de-la-manufactura-colombiana-mayo-2018","status":"publish","type":"post","link":"https:\/\/controldepiso.com\/en\/62-reporte-de-la-manufactura-colombiana-mayo-2018\/","title":{"rendered":"Reporte de la Manufactura Colombiana, Mayo 2018"},"content":{"rendered":"<p>Terminado el primer cuarto del a\u00f1o y analizados los reportes financieros entregados por el DANE, podemos ver c\u00f3mo ha impactado este a\u00f1o (positivamente) el sector industrial y los retos que debe afrontar el nuevo gobierno. Tambi\u00e9n hablaremos de la apuesta bioenerg\u00e9tica que la industria en el Valle del Cauca piensa liderar.<\/p>\n<p><strong>Multimillonarias adquisiciones y fusiones en el panorama empresarial colombiano<\/strong><\/p>\n<p>Cerca de 6.5 billones de pesos han sido invertidos en adquirir y fusionar grandes empresas en Colombia en lo que va corrido del a\u00f1o. Esto es un excelente indicador del estado de la confianza inversionista para los siguientes a\u00f1os. Avianca, Proenfar y Gases de Occidente entre los involucrados.<\/p>\n<p><a href=\"http:\/\/www.eltiempo.com\/economia\/empresas\/crecen-fusiones-y-adquisiciones-en-colombia-durante-abril-del-2018-211778\">http:\/\/www.eltiempo.com\/economia\/empresas\/crecen-fusiones-y-adquisiciones-en-colombia-durante-abril-del-2018-211778<\/a><\/p>\n<p>&nbsp;<\/p>\n<p><strong>La situaci\u00f3n industrial que debe afrontar el nuevo gobierno<\/strong><\/p>\n<p>Expertos en la situaci\u00f3n econ\u00f3mica e industria colombiana dan su opini\u00f3n sobre los retos que deber\u00e1 afrontar el nuevo mandatario del pa\u00eds, entre ellos Jos\u00e9 Manuel Restrepo (rector de la Universidad del Rosario) y Bruce Mac Master (presidente de la ANDI).<\/p>\n<p><a style=\"font-size: 20px;\" href=\"http:\/\/www.elcolombiano.com\/negocios\/industria-sigue-en-cuidados-intensivos-ML8195853\">http:\/\/www.elcolombiano.com\/negocios\/industria-sigue-en-cuidados-intensivos-ML8195853<\/a><\/p>\n<p>&nbsp;<\/p>\n<p><strong>Nueva planta de Yara en Colombia<\/strong><\/p>\n<p>Tras una inversi\u00f3n de 21 millones de d\u00f3lares y dos a\u00f1os de construcci\u00f3n, la multinacional holandesa Yara inaugura una nueva planta de fertilizantes en Cartagena, destinada a cubrir la demanda en todo el continente de productos agroindustriales.<\/p>\n<p><a style=\"font-size: 20px;\" href=\"http:\/\/es.presidencia.gov.co\/noticia\/180130-Multinacional-noruega-Yara-inaugura-nueva-planta-de-fertilizantes-en-Cartagena\">http:\/\/es.presidencia.gov.co\/noticia\/180130-Multinacional-noruega-Yara-inaugura-nueva-planta-de-fertilizantes-en-Cartagena<\/a><\/p>\n<p>&nbsp;<\/p>\n<p><strong>Repunte del sector industrial en los primeros meses del 2018<\/strong><\/p>\n<p>Seg\u00fan el \u00faltimo informe del DANE, la producci\u00f3n industrial en lo que va del a\u00f1o ha repuntado considerablemente, comparada con el mismo periodo del 2017. Los sectores que m\u00e1s aportaron estuvieron relacionados con el petr\u00f3leo, procesamiento de comidas y fabricaci\u00f3n de sustancias qu\u00edmicas.<\/p>\n<p><a href=\"https:\/\/www.rcnradio.com\/economia\/industria-crecio-12-en-primeros-dos-meses-del-ano-0\">https:\/\/www.rcnradio.com\/economia\/industria-crecio-12-en-primeros-dos-meses-del-a\u00f1o-0<\/a><\/p>\n<p>&nbsp;<\/p>\n<p><strong>Valle del Cauca, liderando la generaci\u00f3n de Bioenerg\u00eda para la industria<\/strong><\/p>\n<p>Con el aprovechamiento de la biomasa generada por la cosecha de ca\u00f1a de az\u00facar, residuos agr\u00edcolas y residuos forestales, el departamento del Valle del Cauca se perfila como un gran generador de energ\u00eda, que podr\u00eda llegar a aportar hasta 2 megavatios a la red el\u00e9ctrica nacional.<\/p>\n<p><a style=\"font-size: 20px;\" href=\"https:\/\/www.dinero.com\/pais\/articulo\/valle-del-cauca-le-apuesta-a-la-bioenergia\/257951\">https:\/\/www.dinero.com\/pais\/articulo\/valle-del-cauca-le-apuesta-a-la-bioenergia\/257951<\/a><\/p>\n<p>&nbsp;<\/p>\n<p><a href=\"http:\/\/proalnet.com\/como-funciona\/\"><strong><img decoding=\"async\" class=\"aligncenter\" style=\"width: 568px; height: 211px;\" src=\"https:\/\/controldepiso.com\/wp-content\/uploads\/2024\/11\/aboutUs.png\" alt=\"\" \/><\/strong><\/a><\/p>\n<p style=\"text-align: center;\"><strong><span style=\"color: #daa520;\"><span style=\"font-size: 20px;\">If you want to receive articles like this by email, sign up!\u00a0 <a href=\"https:\/\/proalnet.com\/inscripcion-blog\/\" target=\"_blank\" rel=\"noopener\">Click Here.<\/a> <\/span><\/span><\/strong><\/p>\n<p style=\"text-align: center;\"><span style=\"color: #daa520;\"><strong><span style=\"font-size: 20px;\">We invite you to watch the video on how our GESPLINE platform works:\u00a0 <a href=\"http:\/\/proalnet.com\/como-funciona\/\" target=\"_blank\" rel=\"noopener\">Click Here!<\/a><\/span><\/strong><\/span><\/p>\n<p>&nbsp;<\/p>","protected":false},"excerpt":{"rendered":"<p>Terminado el primer cuarto del a\u00f1o y analizados los reportes financieros entregados por el DANE, podemos ver c\u00f3mo ha impactado este a\u00f1o (positivamente) el sector industrial y los retos que debe afrontar el nuevo gobierno. Tambi\u00e9n hablaremos de la apuesta bioenerg\u00e9tica que la industria en el Valle del Cauca piensa liderar. Multimillonarias adquisiciones y fusiones [&hellip;]<\/p>","protected":false},"author":1,"featured_media":1351,"comment_status":"open","ping_status":"open","sticky":false,"template":"","format":"standard","meta":{"footnotes":""},"categories":[11],"tags":[39],"_links":{"self":[{"href":"https:\/\/controldepiso.com\/en\/wp-json\/wp\/v2\/posts\/835"}],"collection":[{"href":"https:\/\/controldepiso.com\/en\/wp-json\/wp\/v2\/posts"}],"about":[{"href":"https:\/\/controldepiso.com\/en\/wp-json\/wp\/v2\/types\/post"}],"author":[{"embeddable":true,"href":"https:\/\/controldepiso.com\/en\/wp-json\/wp\/v2\/users\/1"}],"replies":[{"embeddable":true,"href":"https:\/\/controldepiso.com\/en\/wp-json\/wp\/v2\/comments?post=835"}],"version-history":[{"count":0,"href":"https:\/\/controldepiso.com\/en\/wp-json\/wp\/v2\/posts\/835\/revisions"}],"wp:featuredmedia":[{"embeddable":true,"href":"https:\/\/controldepiso.com\/en\/wp-json\/wp\/v2\/media\/1351"}],"wp:attachment":[{"href":"https:\/\/controldepiso.com\/en\/wp-json\/wp\/v2\/media?parent=835"}],"wp:term":[{"taxonomy":"category","embeddable":true,"href":"https:\/\/controldepiso.com\/en\/wp-json\/wp\/v2\/categories?post=835"},{"taxonomy":"post_tag","embeddable":true,"href":"https:\/\/controldepiso.com\/en\/wp-json\/wp\/v2\/tags?post=835"}],"curies":[{"name":"wp","href":"https:\/\/api.w.org\/{rel}","templated":true}]}}