{"id":839,"date":"2018-07-09T13:40:06","date_gmt":"2018-07-09T18:40:06","guid":{"rendered":"http:\/\/proalnet.com\/?p=770"},"modified":"2018-07-09T13:40:06","modified_gmt":"2018-07-09T18:40:06","slug":"65-reporte-de-la-manufactura-colombiana-julio-2018","status":"publish","type":"post","link":"https:\/\/controldepiso.com\/en\/65-reporte-de-la-manufactura-colombiana-julio-2018\/","title":{"rendered":"Reporte de la Manufactura Colombiana, Julio 2018"},"content":{"rendered":"<h2><strong>Lecciones empresariales del fundador de Indufrial, Enrique Zurek<\/strong><\/h2>\n<p>Exgerente de Bavaria y de Larsen Gavassa, exalcalde de Cartagena, miembro fundador de la ANDI y fundador de Indufrial, Enrique Zurek fue una de los empresarios m\u00e1s importantes de la regi\u00f3n Caribe, lee en este enlace un poco de su biograf\u00eda y las lecciones empresariales que le dej\u00f3 al pa\u00eds.<\/p>\n<p><a href=\"https:\/\/www.larepublica.co\/empresas\/las-lecciones-empresariales-que-dejo-enrique-zurek-fundador-de-grupo-indufrial-2743064\"> https:\/\/www.larepublica.co\/empresas\/las-lecciones-empresariales-que-dejo-enrique-zurek-fundador-de-grupo-indufrial-2743064 <\/a><\/p>\n<p>&nbsp;<\/p>\n<h2><strong>ANDI asegura que la industria tuvo una recuperaci\u00f3n del 2,5% entre enero y abril<\/strong><\/h2>\n<p>El primer cuarto del 2018 trajo una buena noticia al sector industrial seg\u00fan la ANDI: un aumento del 2,5% en producci\u00f3n y ventas en el sector de manufactura, comparado con el 2017. Se piensa que hay potencial de elevar este indicador, pero los empresarios opinan que es necesario reducir los impuestos a la industria.<\/p>\n<p><a href=\"https:\/\/noticias.caracoltv.com\/economia\/andi-asegura-que-la-industria-tuvo-una-recuperacion-del-25-entre-enero-y-abril-ie11269\">https:\/\/noticias.caracoltv.com\/economia\/andi-asegura-que-la-industria-tuvo-una-recuperacion-del-25-entre-enero-y-abril-ie11269<\/a><\/p>\n<p>&nbsp;<\/p>\n<h2><strong>Nestl\u00e9 y Alpina, l\u00edderes en el mercado de alimento para beb\u00e9s<\/strong><\/h2>\n<p>Nestl\u00e9, Abbott Laboratories y Reckitt Benckiset se reparten el 62,2% de la participaci\u00f3n en el mercado del sector de alimento para beb\u00e9s, que movi\u00f3 una cifra de $673.000 millones solo en el 2017.<\/p>\n<p><img decoding=\"async\" src=\"http:\/\/proalnet.com\/wp-content\/uploads\/2018\/07\/art65_2.gif\" alt=\"Manufactura Colombiana - Empresas que participan en alimentos para beb\u00e9s\" \/><\/p>\n<p><a href=\"https:\/\/www.larepublica.co\/empresas\/nestle-y-alpina-son-las-empresas-que-mas-venden-alimentos-para-bebes-2743096\">https:\/\/www.larepublica.co\/empresas\/nestle-y-alpina-son-las-empresas-que-mas-venden-alimentos-para-bebes-2743096<\/a><\/p>\n<p>&nbsp;<\/p>\n<h2><strong>Exportaciones del sector de manufactura aument\u00f3 un 47,5%<\/strong><\/h2>\n<p>Los datos entregados por la ministra de Industria y Comercio, Mar\u00eda Lorena Guti\u00e9rrez, reportan un aumento de m\u00e1s del 47,5% en exportaci\u00f3n, al alcanzar los $751 millones de d\u00f3lares a abril de este a\u00f1o. Siga el v\u00ednculo para leer los sectores que m\u00e1s aportaron a este crecimiento.<\/p>\n<p><a href=\"https:\/\/www.larepublica.co\/economia\/las-exportaciones-de-manufactureras-crecieron-475-durante-los-ultimos-meses-2734798\">https:\/\/www.larepublica.co\/economia\/las-exportaciones-de-manufactureras-crecieron-475-durante-los-ultimos-meses-2734798<\/a><\/p>\n<p>&nbsp;<\/p>\n<p><a href=\"http:\/\/proalnet.com\/como-funciona\/\"><strong><img decoding=\"async\" class=\"aligncenter\" style=\"width: 568px; height: 211px;\" src=\"https:\/\/controldepiso.com\/wp-content\/uploads\/2024\/11\/aboutUs.png\" alt=\"Conocenos\" \/><\/strong><\/a><\/p>\n<p style=\"text-align: center;\"><strong><span style=\"color: #daa520;\"><span style=\"font-size: 20px;\">If you want to receive articles like this by email, sign up! <a href=\"https:\/\/proalnet.com\/inscripcion-blog\/\" target=\"_blank\" rel=\"noopener\">Click Here.<\/a> <\/span><\/span><\/strong><\/p>\n<p style=\"text-align: center;\"><span style=\"color: #daa520;\"><strong><span style=\"font-size: 20px;\">We invite you to watch the video on how our GESPLINE platform works: <a href=\"http:\/\/proalnet.com\/como-funciona\/\" target=\"_blank\" rel=\"noopener\">Click Here!<\/a><\/span><\/strong><\/span><\/p>\n<p>&nbsp;<\/p>","protected":false},"excerpt":{"rendered":"<p>Lecciones empresariales del fundador de Indufrial, Enrique Zurek Exgerente de Bavaria y de Larsen Gavassa, exalcalde de Cartagena, miembro fundador de la ANDI y fundador de Indufrial, Enrique Zurek fue una de los empresarios m\u00e1s importantes de la regi\u00f3n Caribe, lee en este enlace un poco de su biograf\u00eda y las lecciones empresariales que le [&hellip;]<\/p>","protected":false},"author":1,"featured_media":1359,"comment_status":"open","ping_status":"open","sticky":false,"template":"","format":"standard","meta":{"footnotes":""},"categories":[11],"tags":[43],"_links":{"self":[{"href":"https:\/\/controldepiso.com\/en\/wp-json\/wp\/v2\/posts\/839"}],"collection":[{"href":"https:\/\/controldepiso.com\/en\/wp-json\/wp\/v2\/posts"}],"about":[{"href":"https:\/\/controldepiso.com\/en\/wp-json\/wp\/v2\/types\/post"}],"author":[{"embeddable":true,"href":"https:\/\/controldepiso.com\/en\/wp-json\/wp\/v2\/users\/1"}],"replies":[{"embeddable":true,"href":"https:\/\/controldepiso.com\/en\/wp-json\/wp\/v2\/comments?post=839"}],"version-history":[{"count":0,"href":"https:\/\/controldepiso.com\/en\/wp-json\/wp\/v2\/posts\/839\/revisions"}],"wp:featuredmedia":[{"embeddable":true,"href":"https:\/\/controldepiso.com\/en\/wp-json\/wp\/v2\/media\/1359"}],"wp:attachment":[{"href":"https:\/\/controldepiso.com\/en\/wp-json\/wp\/v2\/media?parent=839"}],"wp:term":[{"taxonomy":"category","embeddable":true,"href":"https:\/\/controldepiso.com\/en\/wp-json\/wp\/v2\/categories?post=839"},{"taxonomy":"post_tag","embeddable":true,"href":"https:\/\/controldepiso.com\/en\/wp-json\/wp\/v2\/tags?post=839"}],"curies":[{"name":"wp","href":"https:\/\/api.w.org\/{rel}","templated":true}]}}